{"id":3314,"date":"2018-01-15T17:01:32","date_gmt":"2018-01-15T16:01:32","guid":{"rendered":"http:\/\/totemi.ch\/?p=3314"},"modified":"2018-08-02T15:01:33","modified_gmt":"2018-08-02T13:01:33","slug":"totemi-slam-poetry-in-montreal-underground","status":"publish","type":"post","link":"https:\/\/totemi.ch\/en\/news\/totemi-slam-poetry-in-montreal-underground\/","title":{"rendered":"Totemi slam poetry in Montr\u00e9al underground"},"content":{"rendered":"<p>D\u00e9velopp\u00e9 en collaboration avec <a href=\"http:\/\/www.magnetobalado.com\/\">Magn\u00e9to<\/a> et en partenariat avec la <a href=\"http:\/\/stm.info\/fr\">Soci\u00e9t\u00e9 de transport de Montr\u00e9al<\/a> (STM), <a href=\"http:\/\/maisondelapoesie.qc.ca\/poesiego\">Po\u00e9sieGo!<\/a> est une s\u00e9rie d\u2019\u0153uvres originales de 12 po\u00e8tes, lues par 4 com\u00e9diens, disponibles dans 18 stations de m\u00e9tro.<\/p>\n<p>Il s\u2019agit d\u2019une premi\u00e8re mondiale, puisque c\u2019est la premi\u00e8re fois qu\u2019un projet \u00e0 caract\u00e8re artistique est diffus\u00e9 avec cette technologie dans un m\u00e9tro. Les usagers pourront utiliser leur t\u00e9l\u00e9phone intelligent afin d\u2019\u00e9couter des po\u00e8mes d\u2019une dur\u00e9e de 2 \u00e0 10 minutes chacun.<\/p>\n<p><a class=\"btn-primary\" href=\"https:\/\/www.spreaker.com\/user\/9217821\/t-dumas-integral\">Ecouter un balado de Toino Dumas<\/a><\/p>\n<p>Mis en lecture par 4 com\u00e9diens que le public aime beaucoup, soit Dany Boudreault, Catherine Chabot, Dominique Quesnel et \u00c9mile Schneider.<\/p>\n<p>Ces po\u00e8mes sont l\u2019\u0153uvre de 12 po\u00e8tes qui repr\u00e9sentent la diversit\u00e9 tant sur le plan des g\u00e9n\u00e9rations, des langues que des cultures : <strong>Jos\u00e9phine Bacon, Marjolaine Beauchamp, Jean-Marc Desgent, Toino Dumas, Ian Ferrier, Ren\u00e9e Gagnon, Flavia Garcia, Ren\u00e9 Lapierre, Laurance Ouellet-Tremblay, Rodney Saint-\u00c9loi, France Th\u00e9oret, Rosalie Trudel.<\/strong><\/p>\n<div id='gallery-1' class='gallery galleryid-3314 gallery-columns-3 gallery-size-thumbnail'><figure class='gallery-item'>\n\t\t\t<div class='gallery-icon portrait'>\n\t\t\t\t<a href='https:\/\/totemi.ch\/en\/news\/totemi-slam-poetry-in-montreal-underground\/totemi_poesiego_montreal6-2\/'><img loading=\"lazy\" decoding=\"async\" width=\"150\" height=\"150\" src=\"https:\/\/totemi.ch\/wp-content\/uploads\/2017\/11\/TOTEMI_poesiego_montreal6-150x150.jpg\" class=\"attachment-thumbnail size-thumbnail\" alt=\"\" \/><\/a>\n\t\t\t<\/div><\/figure><figure class='gallery-item'>\n\t\t\t<div class='gallery-icon portrait'>\n\t\t\t\t<a href='https:\/\/totemi.ch\/en\/news\/totemi-slam-poetry-in-montreal-underground\/totemi_poesiego_montreal2-2\/'><img loading=\"lazy\" decoding=\"async\" width=\"150\" height=\"150\" src=\"https:\/\/totemi.ch\/wp-content\/uploads\/2017\/11\/TOTEMI_poesiego_montreal2-150x150.jpg\" class=\"attachment-thumbnail size-thumbnail\" alt=\"\" \/><\/a>\n\t\t\t<\/div><\/figure><figure class='gallery-item'>\n\t\t\t<div class='gallery-icon landscape'>\n\t\t\t\t<a href='https:\/\/totemi.ch\/en\/news\/totemi-slam-poetry-in-montreal-underground\/totemi_poesiego_montreal7-2\/'><img loading=\"lazy\" decoding=\"async\" width=\"150\" height=\"150\" src=\"https:\/\/totemi.ch\/wp-content\/uploads\/2017\/11\/TOTEMI_poesiego_montreal7-150x150.jpg\" class=\"attachment-thumbnail size-thumbnail\" alt=\"\" \/><\/a>\n\t\t\t<\/div><\/figure><figure class='gallery-item'>\n\t\t\t<div class='gallery-icon portrait'>\n\t\t\t\t<a href='https:\/\/totemi.ch\/en\/news\/totemi-slam-poetry-in-montreal-underground\/totemi_poesiego_montreal11-2\/'><img loading=\"lazy\" decoding=\"async\" width=\"150\" height=\"150\" src=\"https:\/\/totemi.ch\/wp-content\/uploads\/2017\/11\/TOTEMI_poesiego_montreal11-150x150.jpg\" class=\"attachment-thumbnail size-thumbnail\" alt=\"\" \/><\/a>\n\t\t\t<\/div><\/figure><figure class='gallery-item'>\n\t\t\t<div class='gallery-icon landscape'>\n\t\t\t\t<a href='https:\/\/totemi.ch\/en\/news\/totemi-slam-poetry-in-montreal-underground\/totemi_poesiego_montreal8-2\/'><img loading=\"lazy\" decoding=\"async\" width=\"150\" height=\"150\" src=\"https:\/\/totemi.ch\/wp-content\/uploads\/2017\/11\/TOTEMI_poesiego_montreal8-150x150.jpg\" class=\"attachment-thumbnail size-thumbnail\" alt=\"\" \/><\/a>\n\t\t\t<\/div><\/figure><figure class='gallery-item'>\n\t\t\t<div class='gallery-icon portrait'>\n\t\t\t\t<a href='https:\/\/totemi.ch\/en\/news\/totemi-slam-poetry-in-montreal-underground\/totemi_poesiego_montreal9-2\/'><img loading=\"lazy\" decoding=\"async\" width=\"150\" height=\"150\" src=\"https:\/\/totemi.ch\/wp-content\/uploads\/2017\/11\/TOTEMI_poesiego_montreal9-150x150.jpg\" class=\"attachment-thumbnail size-thumbnail\" alt=\"\" \/><\/a>\n\t\t\t<\/div><\/figure><figure class='gallery-item'>\n\t\t\t<div class='gallery-icon landscape'>\n\t\t\t\t<a href='https:\/\/totemi.ch\/en\/news\/totemi-slam-poetry-in-montreal-underground\/totemi_poesiego_montreal5-2\/'><img loading=\"lazy\" decoding=\"async\" width=\"150\" height=\"150\" src=\"https:\/\/totemi.ch\/wp-content\/uploads\/2017\/11\/TOTEMI_poesiego_montreal5-150x150.jpg\" class=\"attachment-thumbnail size-thumbnail\" alt=\"\" \/><\/a>\n\t\t\t<\/div><\/figure><figure class='gallery-item'>\n\t\t\t<div class='gallery-icon portrait'>\n\t\t\t\t<a href='https:\/\/totemi.ch\/en\/news\/totemi-slam-poetry-in-montreal-underground\/totemi_poesiego_montreal13-2\/'><img loading=\"lazy\" decoding=\"async\" width=\"150\" height=\"150\" src=\"https:\/\/totemi.ch\/wp-content\/uploads\/2017\/11\/TOTEMI_poesiego_montreal13-150x150.jpg\" class=\"attachment-thumbnail size-thumbnail\" alt=\"\" \/><\/a>\n\t\t\t<\/div><\/figure><figure class='gallery-item'>\n\t\t\t<div class='gallery-icon portrait'>\n\t\t\t\t<a href='https:\/\/totemi.ch\/en\/news\/totemi-slam-poetry-in-montreal-underground\/totemi_poesiego_montreal10-2\/'><img loading=\"lazy\" decoding=\"async\" width=\"150\" height=\"150\" src=\"https:\/\/totemi.ch\/wp-content\/uploads\/2017\/11\/TOTEMI_poesiego_montreal10-150x150.jpg\" class=\"attachment-thumbnail size-thumbnail\" alt=\"\" \/><\/a>\n\t\t\t<\/div><\/figure><figure class='gallery-item'>\n\t\t\t<div class='gallery-icon landscape'>\n\t\t\t\t<a href='https:\/\/totemi.ch\/en\/news\/totemi-slam-poetry-in-montreal-underground\/totemi_poesiego_montreal12-2\/'><img loading=\"lazy\" decoding=\"async\" width=\"150\" height=\"150\" src=\"https:\/\/totemi.ch\/wp-content\/uploads\/2017\/11\/TOTEMI_poesiego_montreal12-150x150.jpg\" class=\"attachment-thumbnail size-thumbnail\" alt=\"\" \/><\/a>\n\t\t\t<\/div><\/figure><figure class='gallery-item'>\n\t\t\t<div class='gallery-icon landscape'>\n\t\t\t\t<a href='https:\/\/totemi.ch\/en\/news\/totemi-slam-poetry-in-montreal-underground\/totemi_poesiego_montreal14-2\/'><img loading=\"lazy\" decoding=\"async\" width=\"150\" height=\"150\" src=\"https:\/\/totemi.ch\/wp-content\/uploads\/2017\/11\/totemi_poesiego_une_signaltique_connecte_metro_montreal-150x150.jpg\" class=\"attachment-thumbnail size-thumbnail\" alt=\"\" \/><\/a>\n\t\t\t<\/div><\/figure><figure class='gallery-item'>\n\t\t\t<div class='gallery-icon portrait'>\n\t\t\t\t<a href='https:\/\/totemi.ch\/en\/news\/totemi-slam-poetry-in-montreal-underground\/totemi_poesiego_montreal4-2\/'><img loading=\"lazy\" decoding=\"async\" width=\"150\" height=\"150\" src=\"https:\/\/totemi.ch\/wp-content\/uploads\/2017\/11\/TOTEMI_poesiego_montreal4-150x150.jpg\" class=\"attachment-thumbnail size-thumbnail\" alt=\"\" \/><\/a>\n\t\t\t<\/div><\/figure>\n\t\t<\/div>\n\n","protected":false},"excerpt":{"rendered":"<p>Po\u00e9sieGO! has choosen Totemi to create a unique experience: Broadcasting poetry inside Montr\u00e9al underground stations<\/p>\n","protected":false},"author":4,"featured_media":2567,"comment_status":"open","ping_status":"open","sticky":false,"template":"","format":"standard","meta":{"_acf_changed":false,"_monsterinsights_skip_tracking":false,"footnotes":""},"categories":[52,39],"tags":[],"class_list":["post-3314","post","type-post","status-publish","format-standard","has-post-thumbnail","hentry","category-featured-en","category-uncategorized"],"acf":[],"yoast_head":"<!-- This site is optimized with the Yoast SEO plugin v28.3 - https:\/\/yoast.com\/product\/yoast-seo-wordpress\/ -->\n<title>Totemi slam poetry in Montr\u00e9al underground | Totemi<\/title>\n<meta name=\"robots\" content=\"index, follow, max-snippet:-1, max-image-preview:large, max-video-preview:-1\" \/>\n<link rel=\"canonical\" href=\"https:\/\/totemi.ch\/en\/news\/totemi-slam-poetry-in-montreal-underground\/\" \/>\n<meta property=\"og:locale\" content=\"en_US\" \/>\n<meta property=\"og:type\" content=\"article\" \/>\n<meta property=\"og:title\" content=\"Totemi slam poetry in Montr\u00e9al underground | Totemi\" \/>\n<meta property=\"og:description\" content=\"Po\u00e9sieGO! has choosen Totemi to create a unique experience: Broadcasting poetry inside Montr\u00e9al underground stations\" \/>\n<meta property=\"og:url\" content=\"https:\/\/totemi.ch\/en\/news\/totemi-slam-poetry-in-montreal-underground\/\" \/>\n<meta property=\"og:site_name\" content=\"Totemi\" \/>\n<meta property=\"article:published_time\" content=\"2018-01-15T16:01:32+00:00\" \/>\n<meta property=\"article:modified_time\" content=\"2018-08-02T13:01:33+00:00\" \/>\n<meta property=\"og:image\" content=\"https:\/\/totemi.ch\/wp-content\/uploads\/2017\/11\/TOTEMI_poesiego_montreal1.jpg\" \/>\n\t<meta property=\"og:image:width\" content=\"1600\" \/>\n\t<meta property=\"og:image:height\" content=\"1200\" \/>\n\t<meta property=\"og:image:type\" content=\"image\/jpeg\" \/>\n<meta name=\"author\" content=\"Jean-Bernard Rossel\" \/>\n<meta name=\"twitter:card\" content=\"summary_large_image\" \/>\n<meta name=\"twitter:label1\" content=\"Written by\" \/>\n\t<meta name=\"twitter:data1\" content=\"Jean-Bernard Rossel\" \/>\n\t<meta name=\"twitter:label2\" content=\"Est. reading time\" \/>\n\t<meta name=\"twitter:data2\" content=\"1 minute\" \/>\n<script type=\"application\/ld+json\" class=\"yoast-schema-graph\">{\"@context\":\"https:\\\/\\\/schema.org\",\"@graph\":[{\"@type\":\"Article\",\"@id\":\"https:\\\/\\\/totemi.ch\\\/en\\\/news\\\/totemi-slam-poetry-in-montreal-underground\\\/#article\",\"isPartOf\":{\"@id\":\"https:\\\/\\\/totemi.ch\\\/en\\\/news\\\/totemi-slam-poetry-in-montreal-underground\\\/\"},\"author\":{\"name\":\"Jean-Bernard Rossel\",\"@id\":\"https:\\\/\\\/totemi.ch\\\/#\\\/schema\\\/person\\\/afa7fafd1b7ca44e72d0c72e21a3fe22\"},\"headline\":\"Totemi slam poetry in Montr\u00e9al underground\",\"datePublished\":\"2018-01-15T16:01:32+00:00\",\"dateModified\":\"2018-08-02T13:01:33+00:00\",\"mainEntityOfPage\":{\"@id\":\"https:\\\/\\\/totemi.ch\\\/en\\\/news\\\/totemi-slam-poetry-in-montreal-underground\\\/\"},\"wordCount\":185,\"commentCount\":0,\"image\":{\"@id\":\"https:\\\/\\\/totemi.ch\\\/en\\\/news\\\/totemi-slam-poetry-in-montreal-underground\\\/#primaryimage\"},\"thumbnailUrl\":\"https:\\\/\\\/totemi.ch\\\/wp-content\\\/uploads\\\/2017\\\/11\\\/TOTEMI_poesiego_montreal1.jpg\",\"articleSection\":[\"Featured\"],\"inLanguage\":\"en\",\"potentialAction\":[{\"@type\":\"CommentAction\",\"name\":\"Comment\",\"target\":[\"https:\\\/\\\/totemi.ch\\\/en\\\/news\\\/totemi-slam-poetry-in-montreal-underground\\\/#respond\"]}]},{\"@type\":\"WebPage\",\"@id\":\"https:\\\/\\\/totemi.ch\\\/en\\\/news\\\/totemi-slam-poetry-in-montreal-underground\\\/\",\"url\":\"https:\\\/\\\/totemi.ch\\\/en\\\/news\\\/totemi-slam-poetry-in-montreal-underground\\\/\",\"name\":\"Totemi slam poetry in Montr\u00e9al underground | Totemi\",\"isPartOf\":{\"@id\":\"https:\\\/\\\/totemi.ch\\\/#website\"},\"primaryImageOfPage\":{\"@id\":\"https:\\\/\\\/totemi.ch\\\/en\\\/news\\\/totemi-slam-poetry-in-montreal-underground\\\/#primaryimage\"},\"image\":{\"@id\":\"https:\\\/\\\/totemi.ch\\\/en\\\/news\\\/totemi-slam-poetry-in-montreal-underground\\\/#primaryimage\"},\"thumbnailUrl\":\"https:\\\/\\\/totemi.ch\\\/wp-content\\\/uploads\\\/2017\\\/11\\\/TOTEMI_poesiego_montreal1.jpg\",\"datePublished\":\"2018-01-15T16:01:32+00:00\",\"dateModified\":\"2018-08-02T13:01:33+00:00\",\"author\":{\"@id\":\"https:\\\/\\\/totemi.ch\\\/#\\\/schema\\\/person\\\/afa7fafd1b7ca44e72d0c72e21a3fe22\"},\"breadcrumb\":{\"@id\":\"https:\\\/\\\/totemi.ch\\\/en\\\/news\\\/totemi-slam-poetry-in-montreal-underground\\\/#breadcrumb\"},\"inLanguage\":\"en\",\"potentialAction\":[{\"@type\":\"ReadAction\",\"target\":[\"https:\\\/\\\/totemi.ch\\\/en\\\/news\\\/totemi-slam-poetry-in-montreal-underground\\\/\"]}]},{\"@type\":\"ImageObject\",\"inLanguage\":\"en\",\"@id\":\"https:\\\/\\\/totemi.ch\\\/en\\\/news\\\/totemi-slam-poetry-in-montreal-underground\\\/#primaryimage\",\"url\":\"https:\\\/\\\/totemi.ch\\\/wp-content\\\/uploads\\\/2017\\\/11\\\/TOTEMI_poesiego_montreal1.jpg\",\"contentUrl\":\"https:\\\/\\\/totemi.ch\\\/wp-content\\\/uploads\\\/2017\\\/11\\\/TOTEMI_poesiego_montreal1.jpg\",\"width\":\"1600\",\"height\":\"1200\"},{\"@type\":\"BreadcrumbList\",\"@id\":\"https:\\\/\\\/totemi.ch\\\/en\\\/news\\\/totemi-slam-poetry-in-montreal-underground\\\/#breadcrumb\",\"itemListElement\":[{\"@type\":\"ListItem\",\"position\":1,\"name\":\"Accueil\",\"item\":\"https:\\\/\\\/totemi.ch\\\/en\\\/\"},{\"@type\":\"ListItem\",\"position\":2,\"name\":\"Totemi slam poetry in Montr\u00e9al underground\"}]},{\"@type\":\"WebSite\",\"@id\":\"https:\\\/\\\/totemi.ch\\\/#website\",\"url\":\"https:\\\/\\\/totemi.ch\\\/\",\"name\":\"Totemi\",\"description\":\"\",\"potentialAction\":[{\"@type\":\"SearchAction\",\"target\":{\"@type\":\"EntryPoint\",\"urlTemplate\":\"https:\\\/\\\/totemi.ch\\\/?s={search_term_string}\"},\"query-input\":{\"@type\":\"PropertyValueSpecification\",\"valueRequired\":true,\"valueName\":\"search_term_string\"}}],\"inLanguage\":\"en\"},{\"@type\":\"Person\",\"@id\":\"https:\\\/\\\/totemi.ch\\\/#\\\/schema\\\/person\\\/afa7fafd1b7ca44e72d0c72e21a3fe22\",\"name\":\"Jean-Bernard Rossel\",\"image\":{\"@type\":\"ImageObject\",\"inLanguage\":\"en\",\"@id\":\"https:\\\/\\\/secure.gravatar.com\\\/avatar\\\/42a746bdc17cf8f2827120eb671e152e7d02f95f23b2a6bd0d800bbca1b5acc5?s=96&d=mm&r=g\",\"url\":\"https:\\\/\\\/secure.gravatar.com\\\/avatar\\\/42a746bdc17cf8f2827120eb671e152e7d02f95f23b2a6bd0d800bbca1b5acc5?s=96&d=mm&r=g\",\"contentUrl\":\"https:\\\/\\\/secure.gravatar.com\\\/avatar\\\/42a746bdc17cf8f2827120eb671e152e7d02f95f23b2a6bd0d800bbca1b5acc5?s=96&d=mm&r=g\",\"caption\":\"Jean-Bernard Rossel\"},\"sameAs\":[\"http:\\\/\\\/talk-to-me.ch\"]}]}<\/script>\n<!-- \/ Yoast SEO plugin. -->","yoast_head_json":{"title":"Totemi slam poetry in Montr\u00e9al underground | Totemi","robots":{"index":"index","follow":"follow","max-snippet":"max-snippet:-1","max-image-preview":"max-image-preview:large","max-video-preview":"max-video-preview:-1"},"canonical":"https:\/\/totemi.ch\/en\/news\/totemi-slam-poetry-in-montreal-underground\/","og_locale":"en_US","og_type":"article","og_title":"Totemi slam poetry in Montr\u00e9al underground | Totemi","og_description":"Po\u00e9sieGO! has choosen Totemi to create a unique experience: Broadcasting poetry inside Montr\u00e9al underground stations","og_url":"https:\/\/totemi.ch\/en\/news\/totemi-slam-poetry-in-montreal-underground\/","og_site_name":"Totemi","article_published_time":"2018-01-15T16:01:32+00:00","article_modified_time":"2018-08-02T13:01:33+00:00","og_image":[{"width":1600,"height":1200,"url":"https:\/\/totemi.ch\/wp-content\/uploads\/2017\/11\/TOTEMI_poesiego_montreal1.jpg","type":"image\/jpeg"}],"author":"Jean-Bernard Rossel","twitter_card":"summary_large_image","twitter_misc":{"Written by":"Jean-Bernard Rossel","Est. reading time":"1 minute"},"schema":{"@context":"https:\/\/schema.org","@graph":[{"@type":"Article","@id":"https:\/\/totemi.ch\/en\/news\/totemi-slam-poetry-in-montreal-underground\/#article","isPartOf":{"@id":"https:\/\/totemi.ch\/en\/news\/totemi-slam-poetry-in-montreal-underground\/"},"author":{"name":"Jean-Bernard Rossel","@id":"https:\/\/totemi.ch\/#\/schema\/person\/afa7fafd1b7ca44e72d0c72e21a3fe22"},"headline":"Totemi slam poetry in Montr\u00e9al underground","datePublished":"2018-01-15T16:01:32+00:00","dateModified":"2018-08-02T13:01:33+00:00","mainEntityOfPage":{"@id":"https:\/\/totemi.ch\/en\/news\/totemi-slam-poetry-in-montreal-underground\/"},"wordCount":185,"commentCount":0,"image":{"@id":"https:\/\/totemi.ch\/en\/news\/totemi-slam-poetry-in-montreal-underground\/#primaryimage"},"thumbnailUrl":"https:\/\/totemi.ch\/wp-content\/uploads\/2017\/11\/TOTEMI_poesiego_montreal1.jpg","articleSection":["Featured"],"inLanguage":"en","potentialAction":[{"@type":"CommentAction","name":"Comment","target":["https:\/\/totemi.ch\/en\/news\/totemi-slam-poetry-in-montreal-underground\/#respond"]}]},{"@type":"WebPage","@id":"https:\/\/totemi.ch\/en\/news\/totemi-slam-poetry-in-montreal-underground\/","url":"https:\/\/totemi.ch\/en\/news\/totemi-slam-poetry-in-montreal-underground\/","name":"Totemi slam poetry in Montr\u00e9al underground | Totemi","isPartOf":{"@id":"https:\/\/totemi.ch\/#website"},"primaryImageOfPage":{"@id":"https:\/\/totemi.ch\/en\/news\/totemi-slam-poetry-in-montreal-underground\/#primaryimage"},"image":{"@id":"https:\/\/totemi.ch\/en\/news\/totemi-slam-poetry-in-montreal-underground\/#primaryimage"},"thumbnailUrl":"https:\/\/totemi.ch\/wp-content\/uploads\/2017\/11\/TOTEMI_poesiego_montreal1.jpg","datePublished":"2018-01-15T16:01:32+00:00","dateModified":"2018-08-02T13:01:33+00:00","author":{"@id":"https:\/\/totemi.ch\/#\/schema\/person\/afa7fafd1b7ca44e72d0c72e21a3fe22"},"breadcrumb":{"@id":"https:\/\/totemi.ch\/en\/news\/totemi-slam-poetry-in-montreal-underground\/#breadcrumb"},"inLanguage":"en","potentialAction":[{"@type":"ReadAction","target":["https:\/\/totemi.ch\/en\/news\/totemi-slam-poetry-in-montreal-underground\/"]}]},{"@type":"ImageObject","inLanguage":"en","@id":"https:\/\/totemi.ch\/en\/news\/totemi-slam-poetry-in-montreal-underground\/#primaryimage","url":"https:\/\/totemi.ch\/wp-content\/uploads\/2017\/11\/TOTEMI_poesiego_montreal1.jpg","contentUrl":"https:\/\/totemi.ch\/wp-content\/uploads\/2017\/11\/TOTEMI_poesiego_montreal1.jpg","width":"1600","height":"1200"},{"@type":"BreadcrumbList","@id":"https:\/\/totemi.ch\/en\/news\/totemi-slam-poetry-in-montreal-underground\/#breadcrumb","itemListElement":[{"@type":"ListItem","position":1,"name":"Accueil","item":"https:\/\/totemi.ch\/en\/"},{"@type":"ListItem","position":2,"name":"Totemi slam poetry in Montr\u00e9al underground"}]},{"@type":"WebSite","@id":"https:\/\/totemi.ch\/#website","url":"https:\/\/totemi.ch\/","name":"Totemi","description":"","potentialAction":[{"@type":"SearchAction","target":{"@type":"EntryPoint","urlTemplate":"https:\/\/totemi.ch\/?s={search_term_string}"},"query-input":{"@type":"PropertyValueSpecification","valueRequired":true,"valueName":"search_term_string"}}],"inLanguage":"en"},{"@type":"Person","@id":"https:\/\/totemi.ch\/#\/schema\/person\/afa7fafd1b7ca44e72d0c72e21a3fe22","name":"Jean-Bernard Rossel","image":{"@type":"ImageObject","inLanguage":"en","@id":"https:\/\/secure.gravatar.com\/avatar\/42a746bdc17cf8f2827120eb671e152e7d02f95f23b2a6bd0d800bbca1b5acc5?s=96&d=mm&r=g","url":"https:\/\/secure.gravatar.com\/avatar\/42a746bdc17cf8f2827120eb671e152e7d02f95f23b2a6bd0d800bbca1b5acc5?s=96&d=mm&r=g","contentUrl":"https:\/\/secure.gravatar.com\/avatar\/42a746bdc17cf8f2827120eb671e152e7d02f95f23b2a6bd0d800bbca1b5acc5?s=96&d=mm&r=g","caption":"Jean-Bernard Rossel"},"sameAs":["http:\/\/talk-to-me.ch"]}]}},"_links":{"self":[{"href":"https:\/\/totemi.ch\/en\/wp-json\/wp\/v2\/posts\/3314","targetHints":{"allow":["GET"]}}],"collection":[{"href":"https:\/\/totemi.ch\/en\/wp-json\/wp\/v2\/posts"}],"about":[{"href":"https:\/\/totemi.ch\/en\/wp-json\/wp\/v2\/types\/post"}],"author":[{"embeddable":true,"href":"https:\/\/totemi.ch\/en\/wp-json\/wp\/v2\/users\/4"}],"replies":[{"embeddable":true,"href":"https:\/\/totemi.ch\/en\/wp-json\/wp\/v2\/comments?post=3314"}],"version-history":[{"count":0,"href":"https:\/\/totemi.ch\/en\/wp-json\/wp\/v2\/posts\/3314\/revisions"}],"wp:featuredmedia":[{"embeddable":true,"href":"https:\/\/totemi.ch\/en\/wp-json\/wp\/v2\/media\/2567"}],"wp:attachment":[{"href":"https:\/\/totemi.ch\/en\/wp-json\/wp\/v2\/media?parent=3314"}],"wp:term":[{"taxonomy":"category","embeddable":true,"href":"https:\/\/totemi.ch\/en\/wp-json\/wp\/v2\/categories?post=3314"},{"taxonomy":"post_tag","embeddable":true,"href":"https:\/\/totemi.ch\/en\/wp-json\/wp\/v2\/tags?post=3314"}],"curies":[{"name":"wp","href":"https:\/\/api.w.org\/{rel}","templated":true}]}}