{"id":3321,"date":"2018-06-15T17:11:04","date_gmt":"2018-06-15T15:11:04","guid":{"rendered":"http:\/\/totemi.ch\/?p=3321"},"modified":"2019-02-28T18:46:30","modified_gmt":"2019-02-28T17:46:30","slug":"belle-epoque-launch-in-neuchatel-switzerland","status":"publish","type":"post","link":"https:\/\/totemi.ch\/en\/news\/belle-epoque-launch-in-neuchatel-switzerland\/","title":{"rendered":"&#8220;Belle-\u00e9poque&#8221; launch in Neuch\u00e2tel Switzerland"},"content":{"rendered":"<p>La ville de Neuch\u00e2tel avait choisi le mardi 8 mai pour inaugurer et pr\u00e9senter \u00e0 la presse le parcours &#8220;cin\u00e9matographique&#8221; Totemi : Le fant\u00f4me de la Belle-Epoque.<\/p>\n<p>La conf\u00e9rence de presse a permis aux diff\u00e9rents acteurs du projet, soit la ville repr\u00e9sent\u00e9e par Thomas Facchinetti et Lena Brina, la r\u00e9alisatrice Orane Burri et \u00e0 l&#8217;\u00e9quipe de Talk to me (alias les concepteurs de Totemi) de pr\u00e9senter ce beau projet.<\/p>\n<p>Vous pouvez entre autres d\u00e9couvrir le projet gr\u00e2ce au <a href=\"https:\/\/www.rts.ch\/info\/regions\/neuchatel\/9553511-une-intrigue-interactive-pour-visiter-la-ville-de-neuchatel-en-mode-connecte.html\">Reportage RTS 12:45 .<\/a><\/p>\n<table>\n<tbody>\n<tr>\n<td><img loading=\"lazy\" decoding=\"async\" class=\"alignnone size-medium wp-image-3173\" src=\"https:\/\/totemi.ch\/wp-content\/uploads\/2018\/06\/totemi-neuchatel-belle-epoque-inauguration.jpg\" alt=\"\" width=\"300\" height=\"200\" srcset=\"https:\/\/totemi.ch\/wp-content\/uploads\/2018\/06\/totemi-neuchatel-belle-epoque-inauguration.jpg 1600w, https:\/\/totemi.ch\/wp-content\/uploads\/2018\/06\/totemi-neuchatel-belle-epoque-inauguration-300x200.jpg 300w, https:\/\/totemi.ch\/wp-content\/uploads\/2018\/06\/totemi-neuchatel-belle-epoque-inauguration-768x512.jpg 768w, https:\/\/totemi.ch\/wp-content\/uploads\/2018\/06\/totemi-neuchatel-belle-epoque-inauguration-1024x683.jpg 1024w, https:\/\/totemi.ch\/wp-content\/uploads\/2018\/06\/totemi-neuchatel-belle-epoque-inauguration-610x407.jpg 610w\" sizes=\"auto, (max-width: 300px) 100vw, 300px\" \/><\/td>\n<td><img loading=\"lazy\" decoding=\"async\" class=\"alignnone size-medium wp-image-3170\" src=\"https:\/\/totemi.ch\/wp-content\/uploads\/2018\/06\/totemi-neuchatel-belle-epoque-inauguration-Raphael-Tschudi-2.jpg\" alt=\"\" width=\"300\" height=\"200\" srcset=\"https:\/\/totemi.ch\/wp-content\/uploads\/2018\/06\/totemi-neuchatel-belle-epoque-inauguration-Raphael-Tschudi-2.jpg 1600w, https:\/\/totemi.ch\/wp-content\/uploads\/2018\/06\/totemi-neuchatel-belle-epoque-inauguration-Raphael-Tschudi-2-300x200.jpg 300w, https:\/\/totemi.ch\/wp-content\/uploads\/2018\/06\/totemi-neuchatel-belle-epoque-inauguration-Raphael-Tschudi-2-768x512.jpg 768w, https:\/\/totemi.ch\/wp-content\/uploads\/2018\/06\/totemi-neuchatel-belle-epoque-inauguration-Raphael-Tschudi-2-1024x683.jpg 1024w, https:\/\/totemi.ch\/wp-content\/uploads\/2018\/06\/totemi-neuchatel-belle-epoque-inauguration-Raphael-Tschudi-2-610x407.jpg 610w\" sizes=\"auto, (max-width: 300px) 100vw, 300px\" \/><\/td>\n<td><img loading=\"lazy\" decoding=\"async\" class=\"alignnone size-medium wp-image-3167\" src=\"https:\/\/totemi.ch\/wp-content\/uploads\/2018\/06\/totemi-neuchatel-belle-epoque-inauguration-Raphael-Tschudi-.jpg\" alt=\"\" width=\"300\" height=\"200\" srcset=\"https:\/\/totemi.ch\/wp-content\/uploads\/2018\/06\/totemi-neuchatel-belle-epoque-inauguration-Raphael-Tschudi-.jpg 1600w, https:\/\/totemi.ch\/wp-content\/uploads\/2018\/06\/totemi-neuchatel-belle-epoque-inauguration-Raphael-Tschudi--300x200.jpg 300w, https:\/\/totemi.ch\/wp-content\/uploads\/2018\/06\/totemi-neuchatel-belle-epoque-inauguration-Raphael-Tschudi--768x512.jpg 768w, https:\/\/totemi.ch\/wp-content\/uploads\/2018\/06\/totemi-neuchatel-belle-epoque-inauguration-Raphael-Tschudi--1024x683.jpg 1024w, https:\/\/totemi.ch\/wp-content\/uploads\/2018\/06\/totemi-neuchatel-belle-epoque-inauguration-Raphael-Tschudi--610x407.jpg 610w\" sizes=\"auto, (max-width: 300px) 100vw, 300px\" \/><\/td>\n<\/tr>\n<tr>\n<td><img loading=\"lazy\" decoding=\"async\" class=\"alignnone size-medium wp-image-3164\" src=\"https:\/\/totemi.ch\/wp-content\/uploads\/2018\/06\/totemi-neuchatel-belle-epoque-inauguration-orane-burri-stoyan-gern-talk-to-me.jpg\" alt=\"\" width=\"300\" height=\"200\" srcset=\"https:\/\/totemi.ch\/wp-content\/uploads\/2018\/06\/totemi-neuchatel-belle-epoque-inauguration-orane-burri-stoyan-gern-talk-to-me.jpg 1600w, https:\/\/totemi.ch\/wp-content\/uploads\/2018\/06\/totemi-neuchatel-belle-epoque-inauguration-orane-burri-stoyan-gern-talk-to-me-300x200.jpg 300w, https:\/\/totemi.ch\/wp-content\/uploads\/2018\/06\/totemi-neuchatel-belle-epoque-inauguration-orane-burri-stoyan-gern-talk-to-me-768x512.jpg 768w, https:\/\/totemi.ch\/wp-content\/uploads\/2018\/06\/totemi-neuchatel-belle-epoque-inauguration-orane-burri-stoyan-gern-talk-to-me-1024x683.jpg 1024w, https:\/\/totemi.ch\/wp-content\/uploads\/2018\/06\/totemi-neuchatel-belle-epoque-inauguration-orane-burri-stoyan-gern-talk-to-me-610x407.jpg 610w\" sizes=\"auto, (max-width: 300px) 100vw, 300px\" \/><\/td>\n<td><img loading=\"lazy\" decoding=\"async\" class=\"alignnone size-medium wp-image-3161\" src=\"https:\/\/totemi.ch\/wp-content\/uploads\/2018\/06\/totemi-neuchatel-belle-epoque-inauguration-nageuse.jpg\" alt=\"\" width=\"300\" height=\"200\" srcset=\"https:\/\/totemi.ch\/wp-content\/uploads\/2018\/06\/totemi-neuchatel-belle-epoque-inauguration-nageuse.jpg 1600w, https:\/\/totemi.ch\/wp-content\/uploads\/2018\/06\/totemi-neuchatel-belle-epoque-inauguration-nageuse-300x200.jpg 300w, https:\/\/totemi.ch\/wp-content\/uploads\/2018\/06\/totemi-neuchatel-belle-epoque-inauguration-nageuse-768x512.jpg 768w, https:\/\/totemi.ch\/wp-content\/uploads\/2018\/06\/totemi-neuchatel-belle-epoque-inauguration-nageuse-1024x683.jpg 1024w, https:\/\/totemi.ch\/wp-content\/uploads\/2018\/06\/totemi-neuchatel-belle-epoque-inauguration-nageuse-610x407.jpg 610w\" sizes=\"auto, (max-width: 300px) 100vw, 300px\" \/><\/td>\n<td><img loading=\"lazy\" decoding=\"async\" class=\"alignnone size-medium wp-image-3158\" src=\"https:\/\/totemi.ch\/wp-content\/uploads\/2018\/06\/totemi-neuchatel-belle-epoque-inauguration-facchinetti.jpg\" alt=\"\" width=\"300\" height=\"200\" srcset=\"https:\/\/totemi.ch\/wp-content\/uploads\/2018\/06\/totemi-neuchatel-belle-epoque-inauguration-facchinetti.jpg 1600w, https:\/\/totemi.ch\/wp-content\/uploads\/2018\/06\/totemi-neuchatel-belle-epoque-inauguration-facchinetti-300x200.jpg 300w, https:\/\/totemi.ch\/wp-content\/uploads\/2018\/06\/totemi-neuchatel-belle-epoque-inauguration-facchinetti-768x512.jpg 768w, https:\/\/totemi.ch\/wp-content\/uploads\/2018\/06\/totemi-neuchatel-belle-epoque-inauguration-facchinetti-1024x683.jpg 1024w, https:\/\/totemi.ch\/wp-content\/uploads\/2018\/06\/totemi-neuchatel-belle-epoque-inauguration-facchinetti-610x407.jpg 610w\" sizes=\"auto, (max-width: 300px) 100vw, 300px\" \/><\/td>\n<\/tr>\n<tr>\n<td><img loading=\"lazy\" decoding=\"async\" class=\"alignnone size-medium wp-image-3155\" src=\"https:\/\/totemi.ch\/wp-content\/uploads\/2018\/06\/totemi-neuchatel-belle-epoque-inauguration-equipe-projet.jpg\" alt=\"\" width=\"300\" height=\"200\" srcset=\"https:\/\/totemi.ch\/wp-content\/uploads\/2018\/06\/totemi-neuchatel-belle-epoque-inauguration-equipe-projet.jpg 1600w, https:\/\/totemi.ch\/wp-content\/uploads\/2018\/06\/totemi-neuchatel-belle-epoque-inauguration-equipe-projet-300x200.jpg 300w, https:\/\/totemi.ch\/wp-content\/uploads\/2018\/06\/totemi-neuchatel-belle-epoque-inauguration-equipe-projet-768x512.jpg 768w, https:\/\/totemi.ch\/wp-content\/uploads\/2018\/06\/totemi-neuchatel-belle-epoque-inauguration-equipe-projet-1024x683.jpg 1024w, https:\/\/totemi.ch\/wp-content\/uploads\/2018\/06\/totemi-neuchatel-belle-epoque-inauguration-equipe-projet-610x407.jpg 610w\" sizes=\"auto, (max-width: 300px) 100vw, 300px\" \/><\/td>\n<td><\/td>\n<\/tr>\n<\/tbody>\n<\/table>\n","protected":false},"excerpt":{"rendered":"<p>The new Totemi tour &#8220;Belle-\u00e9poque Ghost&#8221; has been launched May the 8th in the presence of Swiss National TV<\/p>\n","protected":false},"author":4,"featured_media":3156,"comment_status":"closed","ping_status":"closed","sticky":false,"template":"","format":"standard","meta":{"_acf_changed":false,"_monsterinsights_skip_tracking":false,"footnotes":""},"categories":[39],"tags":[110,112],"class_list":["post-3321","post","type-post","status-publish","format-standard","has-post-thumbnail","hentry","category-uncategorized","tag-e-tourism-en","tag-tourisme-en"],"acf":[],"yoast_head":"<!-- This site is optimized with the Yoast SEO plugin v28.3 - https:\/\/yoast.com\/product\/yoast-seo-wordpress\/ -->\n<title>&quot;Belle-\u00e9poque&quot; launch in Neuch\u00e2tel Switzerland | Totemi<\/title>\n<meta name=\"robots\" content=\"index, follow, max-snippet:-1, max-image-preview:large, max-video-preview:-1\" \/>\n<link rel=\"canonical\" href=\"https:\/\/totemi.ch\/en\/news\/belle-epoque-launch-in-neuchatel-switzerland\/\" \/>\n<meta property=\"og:locale\" content=\"en_US\" \/>\n<meta property=\"og:type\" content=\"article\" \/>\n<meta property=\"og:title\" content=\"&quot;Belle-\u00e9poque&quot; launch in Neuch\u00e2tel Switzerland | Totemi\" \/>\n<meta property=\"og:description\" content=\"The new Totemi tour &quot;Belle-\u00e9poque Ghost&quot; has been launched May the 8th in the presence of Swiss National TV\" \/>\n<meta property=\"og:url\" content=\"https:\/\/totemi.ch\/en\/news\/belle-epoque-launch-in-neuchatel-switzerland\/\" \/>\n<meta property=\"og:site_name\" content=\"Totemi\" \/>\n<meta property=\"article:published_time\" content=\"2018-06-15T15:11:04+00:00\" \/>\n<meta property=\"article:modified_time\" content=\"2019-02-28T17:46:30+00:00\" \/>\n<meta property=\"og:image\" content=\"https:\/\/totemi.ch\/wp-content\/uploads\/2018\/06\/totemi-neuchatel-belle-epoque-inauguration-equipe-projet.jpg\" \/>\n\t<meta property=\"og:image:width\" content=\"1600\" \/>\n\t<meta property=\"og:image:height\" content=\"1067\" \/>\n\t<meta property=\"og:image:type\" content=\"image\/jpeg\" \/>\n<meta name=\"author\" content=\"Jean-Bernard Rossel\" \/>\n<meta name=\"twitter:card\" content=\"summary_large_image\" \/>\n<meta name=\"twitter:label1\" content=\"Written by\" \/>\n\t<meta name=\"twitter:data1\" content=\"Jean-Bernard Rossel\" \/>\n<script type=\"application\/ld+json\" class=\"yoast-schema-graph\">{\"@context\":\"https:\\\/\\\/schema.org\",\"@graph\":[{\"@type\":\"Article\",\"@id\":\"https:\\\/\\\/totemi.ch\\\/en\\\/news\\\/belle-epoque-launch-in-neuchatel-switzerland\\\/#article\",\"isPartOf\":{\"@id\":\"https:\\\/\\\/totemi.ch\\\/en\\\/news\\\/belle-epoque-launch-in-neuchatel-switzerland\\\/\"},\"author\":{\"name\":\"Jean-Bernard Rossel\",\"@id\":\"https:\\\/\\\/totemi.ch\\\/#\\\/schema\\\/person\\\/afa7fafd1b7ca44e72d0c72e21a3fe22\"},\"headline\":\"&#8220;Belle-\u00e9poque&#8221; launch in Neuch\u00e2tel Switzerland\",\"datePublished\":\"2018-06-15T15:11:04+00:00\",\"dateModified\":\"2019-02-28T17:46:30+00:00\",\"mainEntityOfPage\":{\"@id\":\"https:\\\/\\\/totemi.ch\\\/en\\\/news\\\/belle-epoque-launch-in-neuchatel-switzerland\\\/\"},\"wordCount\":96,\"image\":{\"@id\":\"https:\\\/\\\/totemi.ch\\\/en\\\/news\\\/belle-epoque-launch-in-neuchatel-switzerland\\\/#primaryimage\"},\"thumbnailUrl\":\"https:\\\/\\\/totemi.ch\\\/wp-content\\\/uploads\\\/2018\\\/06\\\/totemi-neuchatel-belle-epoque-inauguration-equipe-projet.jpg\",\"keywords\":[\"e-tourism\",\"tourisme\"],\"inLanguage\":\"en\"},{\"@type\":\"WebPage\",\"@id\":\"https:\\\/\\\/totemi.ch\\\/en\\\/news\\\/belle-epoque-launch-in-neuchatel-switzerland\\\/\",\"url\":\"https:\\\/\\\/totemi.ch\\\/en\\\/news\\\/belle-epoque-launch-in-neuchatel-switzerland\\\/\",\"name\":\"\\\"Belle-\u00e9poque\\\" launch in Neuch\u00e2tel Switzerland | Totemi\",\"isPartOf\":{\"@id\":\"https:\\\/\\\/totemi.ch\\\/#website\"},\"primaryImageOfPage\":{\"@id\":\"https:\\\/\\\/totemi.ch\\\/en\\\/news\\\/belle-epoque-launch-in-neuchatel-switzerland\\\/#primaryimage\"},\"image\":{\"@id\":\"https:\\\/\\\/totemi.ch\\\/en\\\/news\\\/belle-epoque-launch-in-neuchatel-switzerland\\\/#primaryimage\"},\"thumbnailUrl\":\"https:\\\/\\\/totemi.ch\\\/wp-content\\\/uploads\\\/2018\\\/06\\\/totemi-neuchatel-belle-epoque-inauguration-equipe-projet.jpg\",\"datePublished\":\"2018-06-15T15:11:04+00:00\",\"dateModified\":\"2019-02-28T17:46:30+00:00\",\"author\":{\"@id\":\"https:\\\/\\\/totemi.ch\\\/#\\\/schema\\\/person\\\/afa7fafd1b7ca44e72d0c72e21a3fe22\"},\"breadcrumb\":{\"@id\":\"https:\\\/\\\/totemi.ch\\\/en\\\/news\\\/belle-epoque-launch-in-neuchatel-switzerland\\\/#breadcrumb\"},\"inLanguage\":\"en\",\"potentialAction\":[{\"@type\":\"ReadAction\",\"target\":[\"https:\\\/\\\/totemi.ch\\\/en\\\/news\\\/belle-epoque-launch-in-neuchatel-switzerland\\\/\"]}]},{\"@type\":\"ImageObject\",\"inLanguage\":\"en\",\"@id\":\"https:\\\/\\\/totemi.ch\\\/en\\\/news\\\/belle-epoque-launch-in-neuchatel-switzerland\\\/#primaryimage\",\"url\":\"https:\\\/\\\/totemi.ch\\\/wp-content\\\/uploads\\\/2018\\\/06\\\/totemi-neuchatel-belle-epoque-inauguration-equipe-projet.jpg\",\"contentUrl\":\"https:\\\/\\\/totemi.ch\\\/wp-content\\\/uploads\\\/2018\\\/06\\\/totemi-neuchatel-belle-epoque-inauguration-equipe-projet.jpg\",\"width\":\"1600\",\"height\":\"1067\",\"caption\":\"Inauguration parcours interactif Neuchatel Les fantomes de la Belle Epoque avec les cocr\u00e9ateurs\"},{\"@type\":\"BreadcrumbList\",\"@id\":\"https:\\\/\\\/totemi.ch\\\/en\\\/news\\\/belle-epoque-launch-in-neuchatel-switzerland\\\/#breadcrumb\",\"itemListElement\":[{\"@type\":\"ListItem\",\"position\":1,\"name\":\"Accueil\",\"item\":\"https:\\\/\\\/totemi.ch\\\/en\\\/\"},{\"@type\":\"ListItem\",\"position\":2,\"name\":\"&#8220;Belle-\u00e9poque&#8221; launch in Neuch\u00e2tel Switzerland\"}]},{\"@type\":\"WebSite\",\"@id\":\"https:\\\/\\\/totemi.ch\\\/#website\",\"url\":\"https:\\\/\\\/totemi.ch\\\/\",\"name\":\"Totemi\",\"description\":\"\",\"potentialAction\":[{\"@type\":\"SearchAction\",\"target\":{\"@type\":\"EntryPoint\",\"urlTemplate\":\"https:\\\/\\\/totemi.ch\\\/?s={search_term_string}\"},\"query-input\":{\"@type\":\"PropertyValueSpecification\",\"valueRequired\":true,\"valueName\":\"search_term_string\"}}],\"inLanguage\":\"en\"},{\"@type\":\"Person\",\"@id\":\"https:\\\/\\\/totemi.ch\\\/#\\\/schema\\\/person\\\/afa7fafd1b7ca44e72d0c72e21a3fe22\",\"name\":\"Jean-Bernard Rossel\",\"image\":{\"@type\":\"ImageObject\",\"inLanguage\":\"en\",\"@id\":\"https:\\\/\\\/secure.gravatar.com\\\/avatar\\\/42a746bdc17cf8f2827120eb671e152e7d02f95f23b2a6bd0d800bbca1b5acc5?s=96&d=mm&r=g\",\"url\":\"https:\\\/\\\/secure.gravatar.com\\\/avatar\\\/42a746bdc17cf8f2827120eb671e152e7d02f95f23b2a6bd0d800bbca1b5acc5?s=96&d=mm&r=g\",\"contentUrl\":\"https:\\\/\\\/secure.gravatar.com\\\/avatar\\\/42a746bdc17cf8f2827120eb671e152e7d02f95f23b2a6bd0d800bbca1b5acc5?s=96&d=mm&r=g\",\"caption\":\"Jean-Bernard Rossel\"},\"sameAs\":[\"http:\\\/\\\/talk-to-me.ch\"]}]}<\/script>\n<!-- \/ Yoast SEO plugin. -->","yoast_head_json":{"title":"\"Belle-\u00e9poque\" launch in Neuch\u00e2tel Switzerland | Totemi","robots":{"index":"index","follow":"follow","max-snippet":"max-snippet:-1","max-image-preview":"max-image-preview:large","max-video-preview":"max-video-preview:-1"},"canonical":"https:\/\/totemi.ch\/en\/news\/belle-epoque-launch-in-neuchatel-switzerland\/","og_locale":"en_US","og_type":"article","og_title":"\"Belle-\u00e9poque\" launch in Neuch\u00e2tel Switzerland | Totemi","og_description":"The new Totemi tour \"Belle-\u00e9poque Ghost\" has been launched May the 8th in the presence of Swiss National TV","og_url":"https:\/\/totemi.ch\/en\/news\/belle-epoque-launch-in-neuchatel-switzerland\/","og_site_name":"Totemi","article_published_time":"2018-06-15T15:11:04+00:00","article_modified_time":"2019-02-28T17:46:30+00:00","og_image":[{"width":1600,"height":1067,"url":"https:\/\/totemi.ch\/wp-content\/uploads\/2018\/06\/totemi-neuchatel-belle-epoque-inauguration-equipe-projet.jpg","type":"image\/jpeg"}],"author":"Jean-Bernard Rossel","twitter_card":"summary_large_image","twitter_misc":{"Written by":"Jean-Bernard Rossel"},"schema":{"@context":"https:\/\/schema.org","@graph":[{"@type":"Article","@id":"https:\/\/totemi.ch\/en\/news\/belle-epoque-launch-in-neuchatel-switzerland\/#article","isPartOf":{"@id":"https:\/\/totemi.ch\/en\/news\/belle-epoque-launch-in-neuchatel-switzerland\/"},"author":{"name":"Jean-Bernard Rossel","@id":"https:\/\/totemi.ch\/#\/schema\/person\/afa7fafd1b7ca44e72d0c72e21a3fe22"},"headline":"&#8220;Belle-\u00e9poque&#8221; launch in Neuch\u00e2tel Switzerland","datePublished":"2018-06-15T15:11:04+00:00","dateModified":"2019-02-28T17:46:30+00:00","mainEntityOfPage":{"@id":"https:\/\/totemi.ch\/en\/news\/belle-epoque-launch-in-neuchatel-switzerland\/"},"wordCount":96,"image":{"@id":"https:\/\/totemi.ch\/en\/news\/belle-epoque-launch-in-neuchatel-switzerland\/#primaryimage"},"thumbnailUrl":"https:\/\/totemi.ch\/wp-content\/uploads\/2018\/06\/totemi-neuchatel-belle-epoque-inauguration-equipe-projet.jpg","keywords":["e-tourism","tourisme"],"inLanguage":"en"},{"@type":"WebPage","@id":"https:\/\/totemi.ch\/en\/news\/belle-epoque-launch-in-neuchatel-switzerland\/","url":"https:\/\/totemi.ch\/en\/news\/belle-epoque-launch-in-neuchatel-switzerland\/","name":"\"Belle-\u00e9poque\" launch in Neuch\u00e2tel Switzerland | Totemi","isPartOf":{"@id":"https:\/\/totemi.ch\/#website"},"primaryImageOfPage":{"@id":"https:\/\/totemi.ch\/en\/news\/belle-epoque-launch-in-neuchatel-switzerland\/#primaryimage"},"image":{"@id":"https:\/\/totemi.ch\/en\/news\/belle-epoque-launch-in-neuchatel-switzerland\/#primaryimage"},"thumbnailUrl":"https:\/\/totemi.ch\/wp-content\/uploads\/2018\/06\/totemi-neuchatel-belle-epoque-inauguration-equipe-projet.jpg","datePublished":"2018-06-15T15:11:04+00:00","dateModified":"2019-02-28T17:46:30+00:00","author":{"@id":"https:\/\/totemi.ch\/#\/schema\/person\/afa7fafd1b7ca44e72d0c72e21a3fe22"},"breadcrumb":{"@id":"https:\/\/totemi.ch\/en\/news\/belle-epoque-launch-in-neuchatel-switzerland\/#breadcrumb"},"inLanguage":"en","potentialAction":[{"@type":"ReadAction","target":["https:\/\/totemi.ch\/en\/news\/belle-epoque-launch-in-neuchatel-switzerland\/"]}]},{"@type":"ImageObject","inLanguage":"en","@id":"https:\/\/totemi.ch\/en\/news\/belle-epoque-launch-in-neuchatel-switzerland\/#primaryimage","url":"https:\/\/totemi.ch\/wp-content\/uploads\/2018\/06\/totemi-neuchatel-belle-epoque-inauguration-equipe-projet.jpg","contentUrl":"https:\/\/totemi.ch\/wp-content\/uploads\/2018\/06\/totemi-neuchatel-belle-epoque-inauguration-equipe-projet.jpg","width":"1600","height":"1067","caption":"Inauguration parcours interactif Neuchatel Les fantomes de la Belle Epoque avec les cocr\u00e9ateurs"},{"@type":"BreadcrumbList","@id":"https:\/\/totemi.ch\/en\/news\/belle-epoque-launch-in-neuchatel-switzerland\/#breadcrumb","itemListElement":[{"@type":"ListItem","position":1,"name":"Accueil","item":"https:\/\/totemi.ch\/en\/"},{"@type":"ListItem","position":2,"name":"&#8220;Belle-\u00e9poque&#8221; launch in Neuch\u00e2tel Switzerland"}]},{"@type":"WebSite","@id":"https:\/\/totemi.ch\/#website","url":"https:\/\/totemi.ch\/","name":"Totemi","description":"","potentialAction":[{"@type":"SearchAction","target":{"@type":"EntryPoint","urlTemplate":"https:\/\/totemi.ch\/?s={search_term_string}"},"query-input":{"@type":"PropertyValueSpecification","valueRequired":true,"valueName":"search_term_string"}}],"inLanguage":"en"},{"@type":"Person","@id":"https:\/\/totemi.ch\/#\/schema\/person\/afa7fafd1b7ca44e72d0c72e21a3fe22","name":"Jean-Bernard Rossel","image":{"@type":"ImageObject","inLanguage":"en","@id":"https:\/\/secure.gravatar.com\/avatar\/42a746bdc17cf8f2827120eb671e152e7d02f95f23b2a6bd0d800bbca1b5acc5?s=96&d=mm&r=g","url":"https:\/\/secure.gravatar.com\/avatar\/42a746bdc17cf8f2827120eb671e152e7d02f95f23b2a6bd0d800bbca1b5acc5?s=96&d=mm&r=g","contentUrl":"https:\/\/secure.gravatar.com\/avatar\/42a746bdc17cf8f2827120eb671e152e7d02f95f23b2a6bd0d800bbca1b5acc5?s=96&d=mm&r=g","caption":"Jean-Bernard Rossel"},"sameAs":["http:\/\/talk-to-me.ch"]}]}},"_links":{"self":[{"href":"https:\/\/totemi.ch\/en\/wp-json\/wp\/v2\/posts\/3321","targetHints":{"allow":["GET"]}}],"collection":[{"href":"https:\/\/totemi.ch\/en\/wp-json\/wp\/v2\/posts"}],"about":[{"href":"https:\/\/totemi.ch\/en\/wp-json\/wp\/v2\/types\/post"}],"author":[{"embeddable":true,"href":"https:\/\/totemi.ch\/en\/wp-json\/wp\/v2\/users\/4"}],"replies":[{"embeddable":true,"href":"https:\/\/totemi.ch\/en\/wp-json\/wp\/v2\/comments?post=3321"}],"version-history":[{"count":0,"href":"https:\/\/totemi.ch\/en\/wp-json\/wp\/v2\/posts\/3321\/revisions"}],"wp:featuredmedia":[{"embeddable":true,"href":"https:\/\/totemi.ch\/en\/wp-json\/wp\/v2\/media\/3156"}],"wp:attachment":[{"href":"https:\/\/totemi.ch\/en\/wp-json\/wp\/v2\/media?parent=3321"}],"wp:term":[{"taxonomy":"category","embeddable":true,"href":"https:\/\/totemi.ch\/en\/wp-json\/wp\/v2\/categories?post=3321"},{"taxonomy":"post_tag","embeddable":true,"href":"https:\/\/totemi.ch\/en\/wp-json\/wp\/v2\/tags?post=3321"}],"curies":[{"name":"wp","href":"https:\/\/api.w.org\/{rel}","templated":true}]}}