{"id":3479,"date":"2018-07-08T21:34:19","date_gmt":"2018-07-08T19:34:19","guid":{"rendered":"http:\/\/totemi.ch\/news\/totemi-en-realite-augmentee-au-world-vr-forum-2018-de-crans-montana\/"},"modified":"2018-08-02T15:01:52","modified_gmt":"2018-08-02T13:01:52","slug":"totemi-en-realite-augmentee-au-world-vr-forum-2018-de-crans-montana","status":"publish","type":"post","link":"https:\/\/totemi.ch\/en\/news\/totemi-en-realite-augmentee-au-world-vr-forum-2018-de-crans-montana\/","title":{"rendered":"TOTEMI in Augmented Reality at the World VR Forum 2018 in Crans-Montana"},"content":{"rendered":"<p><mark>Totemi could talk to its users<\/mark><\/p>\n<p>As part of the World VR Forum in Crans-Montana, the TOTEMI team has created an application prototype that allows users to interact with TOTEMI using augmented reality.<\/p>\n<p>For TOTEMI, this is a new and very promising development axis in view of the feedback from the various professionals present at the Tourism Connect presentation organised by Alpict and Virtual Switzerland. It creates a new link with users and offers an even more fun way to discover your city.<\/p>\n<p>The operation is simple, just point your smartphone to the TOTEMI and it starts to come alive and create a fun and interactive universe. An example in pictures:<\/p>\n<div class=\"arve\" data-mode=\"normal\" data-oembed=\"1\" data-provider=\"vimeo\" id=\"arve-vimeo-272925507\" style=\"max-width:900px;\">\n<div class=\"arve-inner\">\n<div class=\"arve-embed arve-embed--has-aspect-ratio\" style=\"aspect-ratio: 211 \/ 375\">\n<span class=\"arve-ar\" style=\"padding-top:177.725118%\"><\/span><iframe credentialless referrerpolicy=\"strict-origin-when-cross-origin\" allow=\"accelerometer &#039;none&#039;;ambient-light-sensor &#039;none&#039;;autoplay &#039;none&#039;;battery &#039;none&#039;;bluetooth &#039;none&#039;;browsing-topics &#039;none&#039;;camera &#039;none&#039;;ch-ua &#039;none&#039;;clipboard-read &#039;none&#039;;clipboard-write;display-capture &#039;none&#039;;document-domain &#039;none&#039;;domain-agent &#039;none&#039;;encrypted-media &#039;none&#039;;execution-while-not-rendered &#039;none&#039;;execution-while-out-of-viewport &#039;none&#039;;gamepad &#039;none&#039;;geolocation &#039;none&#039;;gyroscope &#039;none&#039;;hid &#039;none&#039;;identity-credentials-get &#039;none&#039;;idle-detection &#039;none&#039;;keyboard-map &#039;none&#039;;local-fonts &#039;none&#039;;magnetometer &#039;none&#039;;microphone &#039;none&#039;;midi &#039;none&#039;;navigation-override &#039;none&#039;;otp-credentials &#039;none&#039;;payment &#039;none&#039;;picture-in-picture;publickey-credentials-create &#039;none&#039;;publickey-credentials-get &#039;none&#039;;screen-wake-lock &#039;none&#039;;serial &#039;none&#039;;speaker-selection;sync-xhr;usb &#039;none&#039;;web-share;window-management &#039;none&#039;;xr-spatial-tracking &#039;none&#039;;\" allowfullscreen class=\"arve-iframe fitvidsignore\" data-lenis-prevent data-arve=\"arve-vimeo-272925507\" data-src-no-ap=\"https:\/\/player.vimeo.com\/video\/272925507?h=5460a9acb6&amp;dnt=1&amp;app_id=122963&amp;transparent=0&amp;title=1&amp;byline=0&amp;portrait=0&amp;autoplay=0\" frameborder=\"0\" height=\"1599.5260663507\" name sandbox=\"allow-scripts allow-same-origin allow-presentation allow-popups allow-popups-to-escape-sandbox allow-forms\" scrolling=\"no\" src=\"https:\/\/player.vimeo.com\/video\/272925507?h=5460a9acb6&#038;dnt=1&#038;app_id=122963&#038;transparent=0&#038;title=1&#038;byline=0&#038;portrait=0&#038;autoplay=0\" width=\"900\" title loading=\"lazy\"><\/iframe><\/p>\n<\/div>\n<\/div>\n<p><script type=\"application\/ld+json\">{\"@context\":\"http:\\\/\\\/schema.org\\\/\",\"@id\":\"https:\\\/\\\/totemi.ch\\\/en\\\/news\\\/totemi-en-realite-augmentee-au-world-vr-forum-2018-de-crans-montana\\\/#arve-vimeo-272925507\",\"type\":\"VideoObject\",\"embedURL\":\"https:\\\/\\\/player.vimeo.com\\\/video\\\/272925507?h=5460a9acb6&dnt=1&app_id=122963&transparent=0&title=1&byline=0&portrait=0&autoplay=0\"}<\/script>\n<\/div>\n<p>Thanks to Simon Deburck, from the Ecole d&#8217;art de Nancy, who&#8217;s behind this prototype.<\/p>\n","protected":false},"excerpt":{"rendered":"<p>L&#8217;\u00e9quipe de TOTEMI a pr\u00e9sent\u00e9 un prototype en r\u00e9alit\u00e9 augment\u00e9e \u00e0 des sp\u00e9cialistes suisses et internationaux du e-tourisme<\/p>\n","protected":false},"author":1,"featured_media":3358,"comment_status":"open","ping_status":"open","sticky":false,"template":"","format":"standard","meta":{"_acf_changed":false,"_monsterinsights_skip_tracking":false,"footnotes":""},"categories":[108,52],"tags":[110,111],"class_list":["post-3479","post","type-post","status-publish","format-standard","has-post-thumbnail","hentry","category-event-en","category-featured-en","tag-e-tourism-en","tag-realite-augmentee-en"],"acf":[],"yoast_head":"<!-- This site is optimized with the Yoast SEO plugin v28.3 - https:\/\/yoast.com\/product\/yoast-seo-wordpress\/ -->\n<title>TOTEMI in Augmented Reality at the World VR Forum 2018 in Crans-Montana | Totemi<\/title>\n<meta name=\"robots\" content=\"index, follow, max-snippet:-1, max-image-preview:large, max-video-preview:-1\" \/>\n<link rel=\"canonical\" href=\"https:\/\/totemi.ch\/en\/news\/totemi-en-realite-augmentee-au-world-vr-forum-2018-de-crans-montana\/\" \/>\n<meta property=\"og:locale\" content=\"en_US\" \/>\n<meta property=\"og:type\" content=\"article\" \/>\n<meta property=\"og:title\" content=\"TOTEMI in Augmented Reality at the World VR Forum 2018 in Crans-Montana | Totemi\" \/>\n<meta property=\"og:description\" content=\"L&#039;\u00e9quipe de TOTEMI a pr\u00e9sent\u00e9 un prototype en r\u00e9alit\u00e9 augment\u00e9e \u00e0 des sp\u00e9cialistes suisses et internationaux du e-tourisme\" \/>\n<meta property=\"og:url\" content=\"https:\/\/totemi.ch\/en\/news\/totemi-en-realite-augmentee-au-world-vr-forum-2018-de-crans-montana\/\" \/>\n<meta property=\"og:site_name\" content=\"Totemi\" \/>\n<meta property=\"article:published_time\" content=\"2018-07-08T19:34:19+00:00\" \/>\n<meta property=\"article:modified_time\" content=\"2018-08-02T13:01:52+00:00\" \/>\n<meta property=\"og:image\" content=\"https:\/\/totemi.ch\/wp-content\/uploads\/2018\/06\/AR_totemi_WorldVRforum18.png\" \/>\n\t<meta property=\"og:image:width\" content=\"1920\" \/>\n\t<meta property=\"og:image:height\" content=\"1080\" \/>\n\t<meta property=\"og:image:type\" content=\"image\/png\" \/>\n<meta name=\"author\" content=\"totemi\" \/>\n<meta name=\"twitter:card\" content=\"summary_large_image\" \/>\n<meta name=\"twitter:label1\" content=\"Written by\" \/>\n\t<meta name=\"twitter:data1\" content=\"totemi\" \/>\n\t<meta name=\"twitter:label2\" content=\"Est. reading time\" \/>\n\t<meta name=\"twitter:data2\" content=\"1 minute\" \/>\n<script type=\"application\/ld+json\" class=\"yoast-schema-graph\">{\"@context\":\"https:\\\/\\\/schema.org\",\"@graph\":[{\"@type\":\"Article\",\"@id\":\"https:\\\/\\\/totemi.ch\\\/en\\\/news\\\/totemi-en-realite-augmentee-au-world-vr-forum-2018-de-crans-montana\\\/#article\",\"isPartOf\":{\"@id\":\"https:\\\/\\\/totemi.ch\\\/en\\\/news\\\/totemi-en-realite-augmentee-au-world-vr-forum-2018-de-crans-montana\\\/\"},\"author\":{\"name\":\"totemi\",\"@id\":\"https:\\\/\\\/totemi.ch\\\/#\\\/schema\\\/person\\\/ea51c5d4a6edf2ab172ce4aa26f65f3e\"},\"headline\":\"TOTEMI in Augmented Reality at the World VR Forum 2018 in Crans-Montana\",\"datePublished\":\"2018-07-08T19:34:19+00:00\",\"dateModified\":\"2018-08-02T13:01:52+00:00\",\"mainEntityOfPage\":{\"@id\":\"https:\\\/\\\/totemi.ch\\\/en\\\/news\\\/totemi-en-realite-augmentee-au-world-vr-forum-2018-de-crans-montana\\\/\"},\"wordCount\":143,\"commentCount\":0,\"image\":{\"@id\":\"https:\\\/\\\/totemi.ch\\\/en\\\/news\\\/totemi-en-realite-augmentee-au-world-vr-forum-2018-de-crans-montana\\\/#primaryimage\"},\"thumbnailUrl\":\"https:\\\/\\\/totemi.ch\\\/wp-content\\\/uploads\\\/2018\\\/06\\\/AR_totemi_WorldVRforum18.png\",\"keywords\":[\"e-tourism\",\"r\u00e9alit\u00e9 augment\u00e9e\"],\"articleSection\":[\"Event\",\"Featured\"],\"inLanguage\":\"en\",\"potentialAction\":[{\"@type\":\"CommentAction\",\"name\":\"Comment\",\"target\":[\"https:\\\/\\\/totemi.ch\\\/en\\\/news\\\/totemi-en-realite-augmentee-au-world-vr-forum-2018-de-crans-montana\\\/#respond\"]}]},{\"@type\":\"WebPage\",\"@id\":\"https:\\\/\\\/totemi.ch\\\/en\\\/news\\\/totemi-en-realite-augmentee-au-world-vr-forum-2018-de-crans-montana\\\/\",\"url\":\"https:\\\/\\\/totemi.ch\\\/en\\\/news\\\/totemi-en-realite-augmentee-au-world-vr-forum-2018-de-crans-montana\\\/\",\"name\":\"TOTEMI in Augmented Reality at the World VR Forum 2018 in Crans-Montana | Totemi\",\"isPartOf\":{\"@id\":\"https:\\\/\\\/totemi.ch\\\/#website\"},\"primaryImageOfPage\":{\"@id\":\"https:\\\/\\\/totemi.ch\\\/en\\\/news\\\/totemi-en-realite-augmentee-au-world-vr-forum-2018-de-crans-montana\\\/#primaryimage\"},\"image\":{\"@id\":\"https:\\\/\\\/totemi.ch\\\/en\\\/news\\\/totemi-en-realite-augmentee-au-world-vr-forum-2018-de-crans-montana\\\/#primaryimage\"},\"thumbnailUrl\":\"https:\\\/\\\/totemi.ch\\\/wp-content\\\/uploads\\\/2018\\\/06\\\/AR_totemi_WorldVRforum18.png\",\"datePublished\":\"2018-07-08T19:34:19+00:00\",\"dateModified\":\"2018-08-02T13:01:52+00:00\",\"author\":{\"@id\":\"https:\\\/\\\/totemi.ch\\\/#\\\/schema\\\/person\\\/ea51c5d4a6edf2ab172ce4aa26f65f3e\"},\"breadcrumb\":{\"@id\":\"https:\\\/\\\/totemi.ch\\\/en\\\/news\\\/totemi-en-realite-augmentee-au-world-vr-forum-2018-de-crans-montana\\\/#breadcrumb\"},\"inLanguage\":\"en\",\"potentialAction\":[{\"@type\":\"ReadAction\",\"target\":[\"https:\\\/\\\/totemi.ch\\\/en\\\/news\\\/totemi-en-realite-augmentee-au-world-vr-forum-2018-de-crans-montana\\\/\"]}]},{\"@type\":\"ImageObject\",\"inLanguage\":\"en\",\"@id\":\"https:\\\/\\\/totemi.ch\\\/en\\\/news\\\/totemi-en-realite-augmentee-au-world-vr-forum-2018-de-crans-montana\\\/#primaryimage\",\"url\":\"https:\\\/\\\/totemi.ch\\\/wp-content\\\/uploads\\\/2018\\\/06\\\/AR_totemi_WorldVRforum18.png\",\"contentUrl\":\"https:\\\/\\\/totemi.ch\\\/wp-content\\\/uploads\\\/2018\\\/06\\\/AR_totemi_WorldVRforum18.png\",\"width\":1920,\"height\":1080},{\"@type\":\"BreadcrumbList\",\"@id\":\"https:\\\/\\\/totemi.ch\\\/en\\\/news\\\/totemi-en-realite-augmentee-au-world-vr-forum-2018-de-crans-montana\\\/#breadcrumb\",\"itemListElement\":[{\"@type\":\"ListItem\",\"position\":1,\"name\":\"Accueil\",\"item\":\"https:\\\/\\\/totemi.ch\\\/en\\\/\"},{\"@type\":\"ListItem\",\"position\":2,\"name\":\"TOTEMI in Augmented Reality at the World VR Forum 2018 in Crans-Montana\"}]},{\"@type\":\"WebSite\",\"@id\":\"https:\\\/\\\/totemi.ch\\\/#website\",\"url\":\"https:\\\/\\\/totemi.ch\\\/\",\"name\":\"Totemi\",\"description\":\"\",\"potentialAction\":[{\"@type\":\"SearchAction\",\"target\":{\"@type\":\"EntryPoint\",\"urlTemplate\":\"https:\\\/\\\/totemi.ch\\\/?s={search_term_string}\"},\"query-input\":{\"@type\":\"PropertyValueSpecification\",\"valueRequired\":true,\"valueName\":\"search_term_string\"}}],\"inLanguage\":\"en\"},{\"@type\":\"Person\",\"@id\":\"https:\\\/\\\/totemi.ch\\\/#\\\/schema\\\/person\\\/ea51c5d4a6edf2ab172ce4aa26f65f3e\",\"name\":\"totemi\",\"image\":{\"@type\":\"ImageObject\",\"inLanguage\":\"en\",\"@id\":\"https:\\\/\\\/secure.gravatar.com\\\/avatar\\\/c492045a407262cdcc1ce4c6d49198e58e1c6d9933f03314203eea601602d8c4?s=96&d=mm&r=g\",\"url\":\"https:\\\/\\\/secure.gravatar.com\\\/avatar\\\/c492045a407262cdcc1ce4c6d49198e58e1c6d9933f03314203eea601602d8c4?s=96&d=mm&r=g\",\"contentUrl\":\"https:\\\/\\\/secure.gravatar.com\\\/avatar\\\/c492045a407262cdcc1ce4c6d49198e58e1c6d9933f03314203eea601602d8c4?s=96&d=mm&r=g\",\"caption\":\"totemi\"}}]}<\/script>\n<!-- \/ Yoast SEO plugin. -->","yoast_head_json":{"title":"TOTEMI in Augmented Reality at the World VR Forum 2018 in Crans-Montana | Totemi","robots":{"index":"index","follow":"follow","max-snippet":"max-snippet:-1","max-image-preview":"max-image-preview:large","max-video-preview":"max-video-preview:-1"},"canonical":"https:\/\/totemi.ch\/en\/news\/totemi-en-realite-augmentee-au-world-vr-forum-2018-de-crans-montana\/","og_locale":"en_US","og_type":"article","og_title":"TOTEMI in Augmented Reality at the World VR Forum 2018 in Crans-Montana | Totemi","og_description":"L'\u00e9quipe de TOTEMI a pr\u00e9sent\u00e9 un prototype en r\u00e9alit\u00e9 augment\u00e9e \u00e0 des sp\u00e9cialistes suisses et internationaux du e-tourisme","og_url":"https:\/\/totemi.ch\/en\/news\/totemi-en-realite-augmentee-au-world-vr-forum-2018-de-crans-montana\/","og_site_name":"Totemi","article_published_time":"2018-07-08T19:34:19+00:00","article_modified_time":"2018-08-02T13:01:52+00:00","og_image":[{"width":1920,"height":1080,"url":"https:\/\/totemi.ch\/wp-content\/uploads\/2018\/06\/AR_totemi_WorldVRforum18.png","type":"image\/png"}],"author":"totemi","twitter_card":"summary_large_image","twitter_misc":{"Written by":"totemi","Est. reading time":"1 minute"},"schema":{"@context":"https:\/\/schema.org","@graph":[{"@type":"Article","@id":"https:\/\/totemi.ch\/en\/news\/totemi-en-realite-augmentee-au-world-vr-forum-2018-de-crans-montana\/#article","isPartOf":{"@id":"https:\/\/totemi.ch\/en\/news\/totemi-en-realite-augmentee-au-world-vr-forum-2018-de-crans-montana\/"},"author":{"name":"totemi","@id":"https:\/\/totemi.ch\/#\/schema\/person\/ea51c5d4a6edf2ab172ce4aa26f65f3e"},"headline":"TOTEMI in Augmented Reality at the World VR Forum 2018 in Crans-Montana","datePublished":"2018-07-08T19:34:19+00:00","dateModified":"2018-08-02T13:01:52+00:00","mainEntityOfPage":{"@id":"https:\/\/totemi.ch\/en\/news\/totemi-en-realite-augmentee-au-world-vr-forum-2018-de-crans-montana\/"},"wordCount":143,"commentCount":0,"image":{"@id":"https:\/\/totemi.ch\/en\/news\/totemi-en-realite-augmentee-au-world-vr-forum-2018-de-crans-montana\/#primaryimage"},"thumbnailUrl":"https:\/\/totemi.ch\/wp-content\/uploads\/2018\/06\/AR_totemi_WorldVRforum18.png","keywords":["e-tourism","r\u00e9alit\u00e9 augment\u00e9e"],"articleSection":["Event","Featured"],"inLanguage":"en","potentialAction":[{"@type":"CommentAction","name":"Comment","target":["https:\/\/totemi.ch\/en\/news\/totemi-en-realite-augmentee-au-world-vr-forum-2018-de-crans-montana\/#respond"]}]},{"@type":"WebPage","@id":"https:\/\/totemi.ch\/en\/news\/totemi-en-realite-augmentee-au-world-vr-forum-2018-de-crans-montana\/","url":"https:\/\/totemi.ch\/en\/news\/totemi-en-realite-augmentee-au-world-vr-forum-2018-de-crans-montana\/","name":"TOTEMI in Augmented Reality at the World VR Forum 2018 in Crans-Montana | Totemi","isPartOf":{"@id":"https:\/\/totemi.ch\/#website"},"primaryImageOfPage":{"@id":"https:\/\/totemi.ch\/en\/news\/totemi-en-realite-augmentee-au-world-vr-forum-2018-de-crans-montana\/#primaryimage"},"image":{"@id":"https:\/\/totemi.ch\/en\/news\/totemi-en-realite-augmentee-au-world-vr-forum-2018-de-crans-montana\/#primaryimage"},"thumbnailUrl":"https:\/\/totemi.ch\/wp-content\/uploads\/2018\/06\/AR_totemi_WorldVRforum18.png","datePublished":"2018-07-08T19:34:19+00:00","dateModified":"2018-08-02T13:01:52+00:00","author":{"@id":"https:\/\/totemi.ch\/#\/schema\/person\/ea51c5d4a6edf2ab172ce4aa26f65f3e"},"breadcrumb":{"@id":"https:\/\/totemi.ch\/en\/news\/totemi-en-realite-augmentee-au-world-vr-forum-2018-de-crans-montana\/#breadcrumb"},"inLanguage":"en","potentialAction":[{"@type":"ReadAction","target":["https:\/\/totemi.ch\/en\/news\/totemi-en-realite-augmentee-au-world-vr-forum-2018-de-crans-montana\/"]}]},{"@type":"ImageObject","inLanguage":"en","@id":"https:\/\/totemi.ch\/en\/news\/totemi-en-realite-augmentee-au-world-vr-forum-2018-de-crans-montana\/#primaryimage","url":"https:\/\/totemi.ch\/wp-content\/uploads\/2018\/06\/AR_totemi_WorldVRforum18.png","contentUrl":"https:\/\/totemi.ch\/wp-content\/uploads\/2018\/06\/AR_totemi_WorldVRforum18.png","width":1920,"height":1080},{"@type":"BreadcrumbList","@id":"https:\/\/totemi.ch\/en\/news\/totemi-en-realite-augmentee-au-world-vr-forum-2018-de-crans-montana\/#breadcrumb","itemListElement":[{"@type":"ListItem","position":1,"name":"Accueil","item":"https:\/\/totemi.ch\/en\/"},{"@type":"ListItem","position":2,"name":"TOTEMI in Augmented Reality at the World VR Forum 2018 in Crans-Montana"}]},{"@type":"WebSite","@id":"https:\/\/totemi.ch\/#website","url":"https:\/\/totemi.ch\/","name":"Totemi","description":"","potentialAction":[{"@type":"SearchAction","target":{"@type":"EntryPoint","urlTemplate":"https:\/\/totemi.ch\/?s={search_term_string}"},"query-input":{"@type":"PropertyValueSpecification","valueRequired":true,"valueName":"search_term_string"}}],"inLanguage":"en"},{"@type":"Person","@id":"https:\/\/totemi.ch\/#\/schema\/person\/ea51c5d4a6edf2ab172ce4aa26f65f3e","name":"totemi","image":{"@type":"ImageObject","inLanguage":"en","@id":"https:\/\/secure.gravatar.com\/avatar\/c492045a407262cdcc1ce4c6d49198e58e1c6d9933f03314203eea601602d8c4?s=96&d=mm&r=g","url":"https:\/\/secure.gravatar.com\/avatar\/c492045a407262cdcc1ce4c6d49198e58e1c6d9933f03314203eea601602d8c4?s=96&d=mm&r=g","contentUrl":"https:\/\/secure.gravatar.com\/avatar\/c492045a407262cdcc1ce4c6d49198e58e1c6d9933f03314203eea601602d8c4?s=96&d=mm&r=g","caption":"totemi"}}]}},"_links":{"self":[{"href":"https:\/\/totemi.ch\/en\/wp-json\/wp\/v2\/posts\/3479","targetHints":{"allow":["GET"]}}],"collection":[{"href":"https:\/\/totemi.ch\/en\/wp-json\/wp\/v2\/posts"}],"about":[{"href":"https:\/\/totemi.ch\/en\/wp-json\/wp\/v2\/types\/post"}],"author":[{"embeddable":true,"href":"https:\/\/totemi.ch\/en\/wp-json\/wp\/v2\/users\/1"}],"replies":[{"embeddable":true,"href":"https:\/\/totemi.ch\/en\/wp-json\/wp\/v2\/comments?post=3479"}],"version-history":[{"count":0,"href":"https:\/\/totemi.ch\/en\/wp-json\/wp\/v2\/posts\/3479\/revisions"}],"wp:featuredmedia":[{"embeddable":true,"href":"https:\/\/totemi.ch\/en\/wp-json\/wp\/v2\/media\/3358"}],"wp:attachment":[{"href":"https:\/\/totemi.ch\/en\/wp-json\/wp\/v2\/media?parent=3479"}],"wp:term":[{"taxonomy":"category","embeddable":true,"href":"https:\/\/totemi.ch\/en\/wp-json\/wp\/v2\/categories?post=3479"},{"taxonomy":"post_tag","embeddable":true,"href":"https:\/\/totemi.ch\/en\/wp-json\/wp\/v2\/tags?post=3479"}],"curies":[{"name":"wp","href":"https:\/\/api.w.org\/{rel}","templated":true}]}}